{"id":99470,"date":"2019-07-30T13:57:43","date_gmt":"2019-07-30T11:57:43","guid":{"rendered":"https:\/\/zjarr.tv\/?p=99470"},"modified":"2019-07-30T13:57:43","modified_gmt":"2019-07-30T11:57:43","slug":"presidenca-thirrje-te-dyte-rames-merr-masa","status":"publish","type":"post","link":"https:\/\/zjarr.tv\/sq\/presidenca-thirrje-te-dyte-rames-merr-masa\/","title":{"rendered":"Presidenca thirrje t\u00eb dyt\u00eb Ram\u00ebs: Merr masa!"},"content":{"rendered":"<p>K\u00ebshilltari i Presidentit Ilir Meta, Bahri Shaqiri, iu ka b\u00ebr\u00eb thirrje kryeministrit Edi Rama, zv.kryeministri Erjon Bra\u00e7e dhe ministres s\u00eb Mbrojtjes, Olta Xha\u00e7ka, t\u2019i p\u00ebrgjigjen letr\u00ebs s\u00eb Kreut t\u00eb Shtetit, Ilir Meta, p\u00ebr alarmin e dh\u00ebn\u00eb nj\u00eb dit\u00eb m\u00eb par\u00eb se Ballkani do t\u00eb tronditet nga nj\u00eb t\u00ebrmet apokaliptik.<br \/>\n\u201cMungesa e pap\u00ebrgjegjshm\u00ebris\u00eb institucionale p\u00ebr t\u00eb trajtuar fatkeq\u00ebsit\u00eb natyrore. Meta iu drejtua dje me let\u00ebr Ram\u00ebs, Bra\u00e7es dhe Xha\u00e7k\u00ebs p\u00ebr masat p\u00ebr p\u00ebrballimin e fatkeq\u00ebsive natyrore, me q\u00ebllim parandalimin e fatkeq\u00ebsive. Q\u00ebllimi i k\u00ebsaj k\u00ebrkese ishte parandalimi n\u00eb pasoja i jet\u00ebs s\u00eb qytetar\u00ebve.<br \/>\nMeta me p\u00ebrgjegj\u00ebsi t\u00eb plot\u00eb ka zgjedhur rrug\u00ebn zyrtare t\u00eb adresimit t\u00eb k\u00ebtij shqet\u00ebsimi p\u00ebr t\u00eb marr\u00eb masat e plota n\u00eb t\u00eb mir\u00eb t\u00eb qytetar\u00ebve. Greqia nuk \u00ebsht\u00eb fqinje e Zeland\u00ebs s\u00eb Re, por e Shqip\u00ebris\u00eb. T\u00eb marrim masa p\u00ebr nj\u00eb fatkeq\u00ebsi natyrore, q\u00eb nuk \u00ebsht\u00eb paralajm\u00ebruar nga Presidenti.<br \/>\nVonesat dhe paaft\u00ebsia e d\u00ebshmuar nga pasojat e t\u00ebrmetit n\u00eb Kor\u00e7\u00eb, ishte dhe \u00ebsht\u00eb e mjaftueshme q\u00eb Meta t\u00eb k\u00ebrkoj\u00eb marrjen e masave n\u00eb koh\u00eb. Rama ka p\u00ebr detyr\u00eb t\u2019i p\u00ebrgjigjet me seriozitet k\u00ebrkes\u00ebs s\u00eb Met\u00ebs. Presidenti garanton se askush nuk do ta ndaloj\u00eb n\u00eb ushtrimin e kompetencave n\u00eb mbrojtje t\u00eb qytetar\u00ebve\u201d, tha k\u00ebshilltari i Met\u00ebs.<\/p>\n","protected":false},"excerpt":{"rendered":"<p>K\u00ebshilltari i Presidentit Ilir Meta, Bahri Shaqiri, iu ka b\u00ebr\u00eb thirrje kryeministrit Edi Rama, zv.kryeministri Erjon Bra\u00e7e dhe ministres s\u00eb Mbrojtjes, Olta Xha\u00e7ka, t\u2019i p\u00ebrgjigjen letr\u00ebs s\u00eb Kreut t\u00eb Shtetit, Ilir Meta, p\u00ebr alarmin e dh\u00ebn\u00eb nj\u00eb dit\u00eb m\u00eb par\u00eb se Ballkani do t\u00eb tronditet nga nj\u00eb t\u00ebrmet apokaliptik. \u201cMungesa e pap\u00ebrgjegjshm\u00ebris\u00eb institucionale p\u00ebr t\u00eb [&hellip;]<\/p>\n","protected":false},"author":2013,"featured_media":92346,"comment_status":"open","ping_status":"closed","sticky":false,"template":"","format":"standard","meta":{"footnotes":""},"categories":[241,235],"tags":[],"class_list":{"0":"post-99470","1":"post","2":"type-post","3":"status-publish","4":"format-standard","5":"has-post-thumbnail","7":"category-aktualitet","8":"category-vendi"},"_links":{"self":[{"href":"https:\/\/zjarr.tv\/sq\/wp-json\/wp\/v2\/posts\/99470","targetHints":{"allow":["GET"]}}],"collection":[{"href":"https:\/\/zjarr.tv\/sq\/wp-json\/wp\/v2\/posts"}],"about":[{"href":"https:\/\/zjarr.tv\/sq\/wp-json\/wp\/v2\/types\/post"}],"author":[{"embeddable":true,"href":"https:\/\/zjarr.tv\/sq\/wp-json\/wp\/v2\/users\/2013"}],"replies":[{"embeddable":true,"href":"https:\/\/zjarr.tv\/sq\/wp-json\/wp\/v2\/comments?post=99470"}],"version-history":[{"count":0,"href":"https:\/\/zjarr.tv\/sq\/wp-json\/wp\/v2\/posts\/99470\/revisions"}],"wp:featuredmedia":[{"embeddable":true,"href":"https:\/\/zjarr.tv\/sq\/wp-json\/wp\/v2\/media\/92346"}],"wp:attachment":[{"href":"https:\/\/zjarr.tv\/sq\/wp-json\/wp\/v2\/media?parent=99470"}],"wp:term":[{"taxonomy":"category","embeddable":true,"href":"https:\/\/zjarr.tv\/sq\/wp-json\/wp\/v2\/categories?post=99470"},{"taxonomy":"post_tag","embeddable":true,"href":"https:\/\/zjarr.tv\/sq\/wp-json\/wp\/v2\/tags?post=99470"}],"curies":[{"name":"wp","href":"https:\/\/api.w.org\/{rel}","templated":true}]}}