{"id":99474,"date":"2019-07-30T13:59:42","date_gmt":"2019-07-30T11:59:42","guid":{"rendered":"https:\/\/zjarr.tv\/?p=99474"},"modified":"2019-07-30T13:59:42","modified_gmt":"2019-07-30T11:59:42","slug":"energjia-balluku-rrisim-sherbimet-ne-zonat-me-potencial-turistik","status":"publish","type":"post","link":"https:\/\/zjarr.tv\/sq\/energjia-balluku-rrisim-sherbimet-ne-zonat-me-potencial-turistik\/","title":{"rendered":"Energjia, Balluku: Rrisim sh\u00ebrbimet n\u00eb zonat me potencial turistik"},"content":{"rendered":"<p>&nbsp;<\/p>\n<p>Fshati i Kanin\u00ebs, \u00ebsht\u00eb pjes\u00eb e paket\u00ebs \u201c100 Fshatra\u201d, dhe tashm\u00eb 400 abonent\u00eb, familjar\u00eb dhe biznese, kan\u00eb jo vet\u00ebm nj\u00eb furnizim m\u00eb t\u00eb mir\u00eb me energji elektrike por nj\u00ebkoh\u00ebsisht ky investim ndikon edhe n\u00eb rritjen e potencialeve turistike t\u00eb k\u00ebsaj zone, duke ofruar mund\u00ebsi p\u00ebr operator\u00ebt q\u00eb ushtrojn\u00eb aktivitet n\u00eb k\u00ebt\u00eb zon\u00eb q\u00eb t\u00eb shtojn\u00eb kapacitetet e tyre.<\/p>\n<p>N\u00eb kuad\u00ebr t\u00eb mb\u00ebshtetjes s\u00eb sezonit turistik, ve\u00e7an\u00ebrisht n\u00eb zonat me m\u00eb tep\u00ebr potencial, Operatori i Shp\u00ebrndarjes s\u00eb Energjis\u00eb Elektrike, n\u00eb bashk\u00ebpunim dhe me Bank\u00ebn Bot\u00ebrore, ka p\u00ebrfunduar n\u00eb fshatin e Kanin\u00ebs, Vlor\u00eb, investimin i cili b\u00ebn t\u00eb mundur transformimin rr\u00ebnj\u00ebsor t\u00eb furnizimit me energji elektrike.<\/p>\n<p>Ministrja e Infrastruktur\u00ebs dhe Energjis\u00eb, Belinda Balluku, s\u00eb bashku me kryetarin e Bashkis\u00eb Vlor\u00ebs, Dritan Leli inspektuan investimin e realizuar, nj\u00eb investim me vler\u00eb 145 milion\u00eb lek\u00eb, ku u b\u00eb e mundur nd\u00ebrtimi i 7 kabinave t\u00eb reja, vendosja e mbi 100 shtyllave dhe shtrimi i 5 km kabull tension i ul\u00ebt me ABC.<\/p>\n<p>\u201cNe kemi arritur t\u00eb ulim humbjet e energjis\u00eb si pasoj\u00eb e k\u00ebtyre investimeve me rreth 7 p\u00ebrqind n\u00eb k\u00ebt\u00eb zon\u00eb. Tashm\u00eb i gjith\u00eb rrjeti i furnizimit p\u00ebr k\u00ebt\u00eb zon\u00eb \u00ebsht\u00eb 20 kilovolt, me kabina box t\u00eb reja dhe deri m\u00eb sot nuk kemi pasur nd\u00ebrprerje t\u00eb energjis\u00eb elektrike\u201d, b\u00ebri t\u00eb ditur Erjon Osmanaj, drejtori i OSHEE, Vlor\u00eb duke shtuar gjithashtu se sipas t\u00eb gjith\u00eb treguesve ka nj\u00eb p\u00ebrmir\u00ebsim t\u00eb ndjesh\u00ebm t\u00eb cil\u00ebsis\u00eb s\u00eb furnizimit p\u00ebr t\u00eb gjith\u00eb abonent\u00ebt q\u00eb preken nga ky investim.<\/p>\n<p>Duke sjell\u00eb n\u00eb v\u00ebmendje faktin q\u00eb Kanina \u00ebsht\u00eb pjes\u00eb e projektit t\u00eb Qeveris\u00eb Shqiptare \u201c100 fshatrat\u201d, ministrja Balluku n\u00ebnvizoi se ky investim shkon n\u00eb mb\u00ebshtetje t\u00eb zhvillimi turistik t\u00eb zon\u00ebs, nd\u00ebrsa theksoi se synimi \u00ebsht\u00eb ofrimi i nj\u00eb sh\u00ebrbimi sa m\u00eb dinjitoz gjat\u00eb gjith\u00eb vitit pavar\u00ebsisht se n\u00eb zonat bregdetare, ve\u00e7an\u00ebrisht gjat\u00eb sezonit turistik, rritet ndjesh\u00ebm k\u00ebrkesa p\u00ebr konsum t\u00eb energjis\u00eb elektrike.<\/p>\n<p>\u201cQyteti i Vlor\u00ebs ka nj\u00eb koh\u00eb turizmi, e cila pak a shum\u00eb zgjat nga Prilli deri n\u00eb Tetor, k\u00ebshtu q\u00eb ndryshon dhe k\u00ebrkesa e konsumatorit. Pra rritet n\u00eb m\u00ebnyr\u00eb t\u00eb ndjeshme n\u00eb k\u00ebto gjasht\u00eb muaj. Absolutisht ne po b\u00ebjm\u00eb t\u00eb gjitha p\u00ebrpjekjet n\u00eb t\u00eb gjitha vendet turistike p\u00ebr t\u00eb ofruar t\u00eb nj\u00ebjtin sh\u00ebrbim si gjat\u00eb dimrit ashtu dhe gjat\u00eb ver\u00ebs, pavar\u00ebsisht se kapacitetet rriten shpesh her\u00eb edhe m\u00eb shum\u00eb se dyfishi\u201d, u shpreh Balluku.<\/p>\n<p>P\u00ebr kryetarin e Bashkis\u00eb s\u00eb Vlor\u00ebs, Dritan Leli investimet n\u00eb p\u00ebrmir\u00ebsimin e cil\u00ebsis\u00eb s\u00eb furnizimit me energjis\u00eb elektrike si dhe ato n\u00eb infrastruktur\u00eb jan\u00eb investime t\u00eb cilat i pararendin \u00e7do investimi tjet\u00ebr n\u00eb fush\u00ebn e turizmit. \u201cK\u00ebto investime jan\u00eb pararend\u00ebse dhe garantuese q\u00eb \u00e7do gj\u00eb tjet\u00ebr q\u00eb do t\u00eb vij n\u00eb k\u00ebt\u00eb territor do t\u00eb jet\u00eb e nj\u00eb standardi t\u00eb lart\u00eb dhe n\u00eb fund fare n\u00eb sh\u00ebrbimin e asaj q\u00eb ne duam t\u00eb gjith\u00eb q\u00eb t\u00eb kemi, turiz\u00ebm n\u00eb sa m\u00eb shum\u00eb shtrirje n\u00eb gjith\u00eb territorin e Bashkis\u00eb s\u00eb Vlor\u00ebs\u201d, tha kryebashkiaku Leli.<\/p>\n<p>&nbsp;<\/p>\n","protected":false},"excerpt":{"rendered":"<p>&nbsp; Fshati i Kanin\u00ebs, \u00ebsht\u00eb pjes\u00eb e paket\u00ebs \u201c100 Fshatra\u201d, dhe tashm\u00eb 400 abonent\u00eb, familjar\u00eb dhe biznese, kan\u00eb jo vet\u00ebm nj\u00eb furnizim m\u00eb t\u00eb mir\u00eb me energji elektrike por nj\u00ebkoh\u00ebsisht ky investim ndikon edhe n\u00eb rritjen e potencialeve turistike t\u00eb k\u00ebsaj zone, duke ofruar mund\u00ebsi p\u00ebr operator\u00ebt q\u00eb ushtrojn\u00eb aktivitet n\u00eb k\u00ebt\u00eb zon\u00eb q\u00eb t\u00eb [&hellip;]<\/p>\n","protected":false},"author":2013,"featured_media":99475,"comment_status":"open","ping_status":"closed","sticky":false,"template":"","format":"standard","meta":{"footnotes":""},"categories":[241,235],"tags":[],"class_list":{"0":"post-99474","1":"post","2":"type-post","3":"status-publish","4":"format-standard","5":"has-post-thumbnail","7":"category-aktualitet","8":"category-vendi"},"_links":{"self":[{"href":"https:\/\/zjarr.tv\/sq\/wp-json\/wp\/v2\/posts\/99474","targetHints":{"allow":["GET"]}}],"collection":[{"href":"https:\/\/zjarr.tv\/sq\/wp-json\/wp\/v2\/posts"}],"about":[{"href":"https:\/\/zjarr.tv\/sq\/wp-json\/wp\/v2\/types\/post"}],"author":[{"embeddable":true,"href":"https:\/\/zjarr.tv\/sq\/wp-json\/wp\/v2\/users\/2013"}],"replies":[{"embeddable":true,"href":"https:\/\/zjarr.tv\/sq\/wp-json\/wp\/v2\/comments?post=99474"}],"version-history":[{"count":0,"href":"https:\/\/zjarr.tv\/sq\/wp-json\/wp\/v2\/posts\/99474\/revisions"}],"wp:featuredmedia":[{"embeddable":true,"href":"https:\/\/zjarr.tv\/sq\/wp-json\/wp\/v2\/media\/99475"}],"wp:attachment":[{"href":"https:\/\/zjarr.tv\/sq\/wp-json\/wp\/v2\/media?parent=99474"}],"wp:term":[{"taxonomy":"category","embeddable":true,"href":"https:\/\/zjarr.tv\/sq\/wp-json\/wp\/v2\/categories?post=99474"},{"taxonomy":"post_tag","embeddable":true,"href":"https:\/\/zjarr.tv\/sq\/wp-json\/wp\/v2\/tags?post=99474"}],"curies":[{"name":"wp","href":"https:\/\/api.w.org\/{rel}","templated":true}]}}