{"id":99477,"date":"2019-07-30T14:01:11","date_gmt":"2019-07-30T12:01:11","guid":{"rendered":"https:\/\/zjarr.tv\/?p=99477"},"modified":"2019-07-30T14:01:11","modified_gmt":"2019-07-30T12:01:11","slug":"apeli-konfirmon-mandatin-e-valbona-sakos","status":"publish","type":"post","link":"https:\/\/zjarr.tv\/sq\/apeli-konfirmon-mandatin-e-valbona-sakos\/","title":{"rendered":"Apeli konfirmon mandatin e Valbona Sakos"},"content":{"rendered":"<p>&nbsp;<\/p>\n<p>Gjykata e Apelit ka rr\u00ebzuar vendimin e Gjykat\u00ebs s\u00eb Shkall\u00ebs s\u00eb Par\u00eb n\u00eb Durr\u00ebs p\u00ebr Valbona Sakon, duke konfirmuar mandatin e saj.<\/p>\n<p>Apeli pas shqyrtimit t\u00eb dosjes vendosi rr\u00ebzimin e vendimit t\u00eb dh\u00ebn\u00eb nga gjykat\u00ebsja Mimoza Margjeka.<\/p>\n<p>Margjeka e konsideroi procesin zgjedhor nul pasi Bindja Demokratike ishte regjistruar me vones\u00eb.<\/p>\n<p>Por brenda 48 or\u00ebve Gjykata e Durr\u00ebsit dha dy vendime t\u00eb ndryshime p\u00ebr mandatin e Sakos.<\/p>\n<p><strong>Vendimi i par\u00eb\u00a0<\/strong><strong>&#8211;\u00a0<\/strong>M\u00eb 17 qershor Gjykata e Durr\u00ebsit e konsideroi procesin zgjedhor nul pasi Bindja Demokratike ishte regjistruar me vones\u00eb, duke refuzuar t\u2019i jap\u00eb mandatin kryebashkiakes socialiste Sako.<\/p>\n<p>Gjykata argumentoi se Bindja Demokratike u regjistrua jasht\u00eb afateve ligjore, duke e b\u00ebr\u00eb k\u00ebshtu 30 Qershorin nj\u00eb proces t\u00eb paligjsh\u00ebm.<\/p>\n<p>Partia e Astrit Patozit u regjistrua n\u00eb Gjykat\u00eb me 25 Prill, nd\u00ebrsa n\u00eb KQZ kishte dor\u00ebzuar dokumentat me 23 Prill, afati i fundit sipas Kodit Zgjedhor p\u00ebr regjistrimin e partive politike p\u00ebr zgjedhjet vendore.<\/p>\n<p><strong>Vendimi i dyt\u00eb brenda 48 or\u00ebve<\/strong><strong>\u00a0&#8211;\u00a0<\/strong>N\u00eb harkun kohor t\u00eb 48 or\u00ebve Gjykata e Durr\u00ebsit dha dy vendime t\u00eb kund\u00ebrta p\u00ebr kryebashkiaken e re t\u00eb zgjedhur nga votat e 30 qershorit Valbona Sako.<\/p>\n<p>Pas refuzimit p\u00ebr t\u2019i njohur mandatin nga gjyqtarja Mimoza Margjeka t\u00eb m\u00ebrkur\u00ebn e 17 qershorit, u nevojit nd\u00ebrhyrja e Edi Ram\u00ebs q\u00eb gjyqtari Shp\u00ebtim Reka t\u2019i v\u00ebrtetonte mandatin Sakos.<\/p>\n<p>&nbsp;<\/p>\n","protected":false},"excerpt":{"rendered":"<p>&nbsp; Gjykata e Apelit ka rr\u00ebzuar vendimin e Gjykat\u00ebs s\u00eb Shkall\u00ebs s\u00eb Par\u00eb n\u00eb Durr\u00ebs p\u00ebr Valbona Sakon, duke konfirmuar mandatin e saj. Apeli pas shqyrtimit t\u00eb dosjes vendosi rr\u00ebzimin e vendimit t\u00eb dh\u00ebn\u00eb nga gjykat\u00ebsja Mimoza Margjeka. Margjeka e konsideroi procesin zgjedhor nul pasi Bindja Demokratike ishte regjistruar me vones\u00eb. Por brenda 48 or\u00ebve [&hellip;]<\/p>\n","protected":false},"author":2013,"featured_media":99478,"comment_status":"open","ping_status":"closed","sticky":false,"template":"","format":"standard","meta":{"footnotes":""},"categories":[241,235],"tags":[],"class_list":{"0":"post-99477","1":"post","2":"type-post","3":"status-publish","4":"format-standard","5":"has-post-thumbnail","7":"category-aktualitet","8":"category-vendi"},"_links":{"self":[{"href":"https:\/\/zjarr.tv\/sq\/wp-json\/wp\/v2\/posts\/99477","targetHints":{"allow":["GET"]}}],"collection":[{"href":"https:\/\/zjarr.tv\/sq\/wp-json\/wp\/v2\/posts"}],"about":[{"href":"https:\/\/zjarr.tv\/sq\/wp-json\/wp\/v2\/types\/post"}],"author":[{"embeddable":true,"href":"https:\/\/zjarr.tv\/sq\/wp-json\/wp\/v2\/users\/2013"}],"replies":[{"embeddable":true,"href":"https:\/\/zjarr.tv\/sq\/wp-json\/wp\/v2\/comments?post=99477"}],"version-history":[{"count":0,"href":"https:\/\/zjarr.tv\/sq\/wp-json\/wp\/v2\/posts\/99477\/revisions"}],"wp:featuredmedia":[{"embeddable":true,"href":"https:\/\/zjarr.tv\/sq\/wp-json\/wp\/v2\/media\/99478"}],"wp:attachment":[{"href":"https:\/\/zjarr.tv\/sq\/wp-json\/wp\/v2\/media?parent=99477"}],"wp:term":[{"taxonomy":"category","embeddable":true,"href":"https:\/\/zjarr.tv\/sq\/wp-json\/wp\/v2\/categories?post=99477"},{"taxonomy":"post_tag","embeddable":true,"href":"https:\/\/zjarr.tv\/sq\/wp-json\/wp\/v2\/tags?post=99477"}],"curies":[{"name":"wp","href":"https:\/\/api.w.org\/{rel}","templated":true}]}}