{"id":99480,"date":"2019-07-30T14:18:38","date_gmt":"2019-07-30T12:18:38","guid":{"rendered":"https:\/\/zjarr.tv\/?p=99480"},"modified":"2019-07-30T14:18:38","modified_gmt":"2019-07-30T12:18:38","slug":"godet-kapexhiu-beketi-rames-mbushe-mbushe-plot-thesin-tim-me-djersen-e-shqiptareve","status":"publish","type":"post","link":"https:\/\/zjarr.tv\/sq\/godet-kapexhiu-beketi-rames-mbushe-mbushe-plot-thesin-tim-me-djersen-e-shqiptareve\/","title":{"rendered":"Godet Kapexhiu\/ Beketi-Ram\u00ebs: Mbushe, mbushe plot thesin tim, me djers\u00ebn e shqiptar\u00ebve!"},"content":{"rendered":"<p>&nbsp;<\/p>\n<p>Edi Rama deklaroi se k\u00ebt\u00eb konferenc\u00eb t\u00eb jasht\u00ebzakonshme q\u00eb kishte thirrur paraditen e sotme e kishte \u201cp\u00ebr ekonomin\u00eb\u201d, por pas fjal\u00ebs s\u00eb tij gazetar\u00ebt mund ta pyesnin p\u00ebr \u00e7far\u00eb t\u00eb donin.<\/p>\n<p>Dhe n\u00eb fakt ai \u201cgrusht\u201d gazetar\u00ebsh aty e pyet\u00ebn edhe p\u00ebr bised\u00ebn \u201csekrete\u201d me presidentin francez Macron p\u00ebr t\u00eb cil\u00ebn Rama nuk tregoi n\u00eb fakt asgj\u00eb, por t\u00eb gjith\u00eb n\u00eb bllok \u201charruan\u201d ti k\u00ebrkojn\u00eb nj\u00eb shpjegim p\u00ebr \u00e7\u00ebshtjen Beketi. B\u00ebhet fjal\u00eb p\u00ebr nj\u00eb goditje prej prej 110 milon eurosh q\u00eb ky biznesmen ka b\u00ebr\u00eb n\u00eb Gjykat\u00ebn e Strasburgut kund\u00ebr qeveris\u00eb Rama. Nj\u00eb shum\u00eb marramend\u00ebse q\u00eb pritet t\u00eb rritet edhe m\u00eb tej n\u00eb gjyqet e tjera q\u00eb jan\u00eb n\u00eb radh\u00eb. T\u00eb gjitha k\u00ebto para do t\u00eb paguhen nga shqiptar\u00ebt edhe pse faji \u00ebsht\u00eb personal i vet\u00eb kryeministrit Edi Rama, i cili p\u00ebr nj\u00eb kapri\u00e7o t\u00eb tij mbylli televizionin \u201cAgon\u201d dhe bizneset e tjera t\u00eb Beketit, n\u00eb m\u00ebnyr\u00eb t\u00eb jasht\u00ebligjshme.<\/p>\n<p>Pik\u00ebrisht k\u00ebt\u00eb tem\u00eb ka trajtuar n\u00eb pun\u00ebn erdh\u00ebs mjeshtri i karikatur\u00ebs politike Bujar Kapexhiu; Tani jemi n\u00eb nj\u00eb situat\u00eb kur biznesmeni italian ka hapur thesin dhe i thot\u00eb Ram\u00ebs; Hohooo, mbushe me milionat e popullit shqiptar\u00eb&#8230;<\/p>\n<p>&nbsp;<\/p>\n","protected":false},"excerpt":{"rendered":"<p>&nbsp; Edi Rama deklaroi se k\u00ebt\u00eb konferenc\u00eb t\u00eb jasht\u00ebzakonshme q\u00eb kishte thirrur paraditen e sotme e kishte \u201cp\u00ebr ekonomin\u00eb\u201d, por pas fjal\u00ebs s\u00eb tij gazetar\u00ebt mund ta pyesnin p\u00ebr \u00e7far\u00eb t\u00eb donin. Dhe n\u00eb fakt ai \u201cgrusht\u201d gazetar\u00ebsh aty e pyet\u00ebn edhe p\u00ebr bised\u00ebn \u201csekrete\u201d me presidentin francez Macron p\u00ebr t\u00eb cil\u00ebn Rama nuk tregoi [&hellip;]<\/p>\n","protected":false},"author":2013,"featured_media":99481,"comment_status":"open","ping_status":"closed","sticky":false,"template":"","format":"standard","meta":{"footnotes":""},"categories":[241,235],"tags":[],"class_list":{"0":"post-99480","1":"post","2":"type-post","3":"status-publish","4":"format-standard","5":"has-post-thumbnail","7":"category-aktualitet","8":"category-vendi"},"_links":{"self":[{"href":"https:\/\/zjarr.tv\/sq\/wp-json\/wp\/v2\/posts\/99480","targetHints":{"allow":["GET"]}}],"collection":[{"href":"https:\/\/zjarr.tv\/sq\/wp-json\/wp\/v2\/posts"}],"about":[{"href":"https:\/\/zjarr.tv\/sq\/wp-json\/wp\/v2\/types\/post"}],"author":[{"embeddable":true,"href":"https:\/\/zjarr.tv\/sq\/wp-json\/wp\/v2\/users\/2013"}],"replies":[{"embeddable":true,"href":"https:\/\/zjarr.tv\/sq\/wp-json\/wp\/v2\/comments?post=99480"}],"version-history":[{"count":0,"href":"https:\/\/zjarr.tv\/sq\/wp-json\/wp\/v2\/posts\/99480\/revisions"}],"wp:featuredmedia":[{"embeddable":true,"href":"https:\/\/zjarr.tv\/sq\/wp-json\/wp\/v2\/media\/99481"}],"wp:attachment":[{"href":"https:\/\/zjarr.tv\/sq\/wp-json\/wp\/v2\/media?parent=99480"}],"wp:term":[{"taxonomy":"category","embeddable":true,"href":"https:\/\/zjarr.tv\/sq\/wp-json\/wp\/v2\/categories?post=99480"},{"taxonomy":"post_tag","embeddable":true,"href":"https:\/\/zjarr.tv\/sq\/wp-json\/wp\/v2\/tags?post=99480"}],"curies":[{"name":"wp","href":"https:\/\/api.w.org\/{rel}","templated":true}]}}