{"id":99483,"date":"2019-07-30T14:19:42","date_gmt":"2019-07-30T12:19:42","guid":{"rendered":"https:\/\/zjarr.tv\/?p=99483"},"modified":"2019-07-30T14:19:42","modified_gmt":"2019-07-30T12:19:42","slug":"dash-i-ndaloi-hyrjen-ne-shba-reagon-dako-nuk-di-asgje","status":"publish","type":"post","link":"https:\/\/zjarr.tv\/sq\/dash-i-ndaloi-hyrjen-ne-shba-reagon-dako-nuk-di-asgje\/","title":{"rendered":"DASH i ndaloi hyrjen n\u00eb SHBA, reagon Dako: Nuk di asgj\u00eb"},"content":{"rendered":"<p>&nbsp;<\/p>\n<p>Pas lajmit t\u00eb publikuar nga Z\u00ebri i Amerik\u00ebs, sipas s\u00eb cil\u00ebs Departamenti Amerikan i Shtetit i ka ndaluar hyrjen p\u00ebr n\u00eb SHBA, ish kreut t\u00eb Bashkis\u00eb s\u00eb Durr\u00ebs, Vangjush Dako e familjes s\u00eb tij vjen reagimi i k\u00ebtij t\u00eb fundit. N\u00eb nj\u00eb prononcim p\u00ebr Ne\u00ebs24, Dako tha se nuk \u00ebsht\u00eb n\u00eb dijeni t\u00eb nje vendimi t\u00eb till\u00eb.<\/p>\n<p>\u201cNuk kam asnj\u00eb koment. Nuk di asgj\u00eb p\u00ebr vendimin\u201d-tha dakor n\u00eb nj\u00eb prononcim t\u00eb shkurt\u00ebr p\u00ebr News24.<\/p>\n<p>N\u00eb baz\u00eb t\u00eb njoftimit t\u00eb sot\u00ebm t\u00eb publikuar nga Z\u00ebri i Amerik\u00ebs, Vangjush Dako, bashk\u00ebshortja e tij Alba Dako, djali Xhulio Dako dhe vajza e tij Kejsi Dako nuk lejohen t\u00eb hyjn\u00eb n\u00eb Amerik\u00eb.<\/p>\n<p>&nbsp;<\/p>\n","protected":false},"excerpt":{"rendered":"<p>&nbsp; Pas lajmit t\u00eb publikuar nga Z\u00ebri i Amerik\u00ebs, sipas s\u00eb cil\u00ebs Departamenti Amerikan i Shtetit i ka ndaluar hyrjen p\u00ebr n\u00eb SHBA, ish kreut t\u00eb Bashkis\u00eb s\u00eb Durr\u00ebs, Vangjush Dako e familjes s\u00eb tij vjen reagimi i k\u00ebtij t\u00eb fundit. N\u00eb nj\u00eb prononcim p\u00ebr Ne\u00ebs24, Dako tha se nuk \u00ebsht\u00eb n\u00eb dijeni t\u00eb nje [&hellip;]<\/p>\n","protected":false},"author":2013,"featured_media":49935,"comment_status":"open","ping_status":"closed","sticky":false,"template":"","format":"standard","meta":{"footnotes":""},"categories":[241,235],"tags":[],"class_list":{"0":"post-99483","1":"post","2":"type-post","3":"status-publish","4":"format-standard","5":"has-post-thumbnail","7":"category-aktualitet","8":"category-vendi"},"_links":{"self":[{"href":"https:\/\/zjarr.tv\/sq\/wp-json\/wp\/v2\/posts\/99483","targetHints":{"allow":["GET"]}}],"collection":[{"href":"https:\/\/zjarr.tv\/sq\/wp-json\/wp\/v2\/posts"}],"about":[{"href":"https:\/\/zjarr.tv\/sq\/wp-json\/wp\/v2\/types\/post"}],"author":[{"embeddable":true,"href":"https:\/\/zjarr.tv\/sq\/wp-json\/wp\/v2\/users\/2013"}],"replies":[{"embeddable":true,"href":"https:\/\/zjarr.tv\/sq\/wp-json\/wp\/v2\/comments?post=99483"}],"version-history":[{"count":0,"href":"https:\/\/zjarr.tv\/sq\/wp-json\/wp\/v2\/posts\/99483\/revisions"}],"wp:featuredmedia":[{"embeddable":true,"href":"https:\/\/zjarr.tv\/sq\/wp-json\/wp\/v2\/media\/49935"}],"wp:attachment":[{"href":"https:\/\/zjarr.tv\/sq\/wp-json\/wp\/v2\/media?parent=99483"}],"wp:term":[{"taxonomy":"category","embeddable":true,"href":"https:\/\/zjarr.tv\/sq\/wp-json\/wp\/v2\/categories?post=99483"},{"taxonomy":"post_tag","embeddable":true,"href":"https:\/\/zjarr.tv\/sq\/wp-json\/wp\/v2\/tags?post=99483"}],"curies":[{"name":"wp","href":"https:\/\/api.w.org\/{rel}","templated":true}]}}