{"id":99487,"date":"2019-07-30T14:21:44","date_gmt":"2019-07-30T12:21:44","guid":{"rendered":"https:\/\/zjarr.tv\/?p=99487"},"modified":"2019-07-30T14:21:44","modified_gmt":"2019-07-30T12:21:44","slug":"ohri-ne-unesco-klosi-do-bejme-cmos-te-vazhdoje-te-jete-i-mbrojtur","status":"publish","type":"post","link":"https:\/\/zjarr.tv\/sq\/ohri-ne-unesco-klosi-do-bejme-cmos-te-vazhdoje-te-jete-i-mbrojtur\/","title":{"rendered":"Ohri n\u00eb UNESCO, Klosi: Do b\u00ebjm\u00eb \u00e7mos t\u00eb vazhdoj\u00eb t\u00eb jet\u00eb i mbrojtur"},"content":{"rendered":"<p>&nbsp;<\/p>\n<p>&nbsp;<\/p>\n<p>N\u00eb dat\u00ebn 5 korrik, Komiteti i Trash\u00ebgimis\u00eb Bot\u00ebrore shpalli nj\u00eb tjet\u00ebr Zon\u00eb t\u00eb Mbrojtur pasuri t\u00eb UNESCO-s. Liqeni i Ohrit, p\u00ebrfshir\u00eb pjes\u00ebn shqiptare mori statusin sit i UNESCO-s, si fryt i pun\u00ebs disa vje\u00e7are t\u00eb ekspert\u00ebve t\u00eb mjedisit dhe Ministris\u00eb s\u00eb Turizmit dhe Mjedisit n\u00eb bashk\u00ebpunim me ministrin\u00eb e Kultur\u00ebs n\u00eb plot\u00ebsim t\u00eb dosjes dhe k\u00ebrkesave p\u00ebr t\u00eb qen\u00eb pjes\u00eb e Trash\u00ebgimis\u00eb Bot\u00ebrore, UNESCO.<\/p>\n<p>\u201cLiqeni i Ohrit \u00ebsht\u00eb nj\u00eb destinacion i ri turistik q\u00eb ka marketingun m\u00eb t\u00eb mir\u00eb t\u00eb mundsh\u00ebm duke qen\u00eb zon\u00eb e mbrojtur. Por, po ashtu \u00ebsht\u00eb nj\u00eb destinacion q\u00eb na rrit p\u00ebrgjegj\u00ebsit\u00eb p\u00ebr t\u00eb qen\u00eb m\u00eb pran\u00eb rregullave, q\u00eb OKB ka vendosur. \u00cbsht\u00eb shum\u00eb e r\u00ebnd\u00ebsishme t\u00eb b\u00ebsh turiz\u00ebm, por \u00ebsht\u00eb shum\u00eb e r\u00ebnd\u00ebsishme t\u00eb zbatosh edhe rregullat p\u00ebr t\u00eb menaxhuar nj\u00eb sit kaq t\u00eb bukur natyror, p\u00ebr t\u00eb dh\u00ebn\u00eb gadishm\u00ebrin\u00eb ton\u00eb, natyrisht bindjen e dy qeverive tona se do t\u00eb b\u00ebjm\u00eb \u00e7far\u00ebdo q\u00eb t\u00eb jet\u00eb e mundur q\u00eb ky liqen t\u00eb vazhdoj\u00eb t\u00eb jet\u00eb i mbrojtur, t\u00eb jet\u00eb nj\u00eb peisazh i bukur dhe magjeps\u00ebs, i cili edhe duke u kultivuar p\u00ebr m\u00eb shum\u00eb turiz\u00ebm, t\u00eb zhvillohet brenda normave dhe parimeve t\u00eb trash\u00ebgimis\u00eb bot\u00ebrore\u201d, tha ministri Klosi.<\/p>\n<p>Nga ana e saj, ministrja Margariti tha se vendimi i 5 korrikut na b\u00ebn krenar\u00eb, q\u00eb nj\u00eb vend i vog\u00ebl si Shqip\u00ebria arrin t\u00eb p\u00ebrfaq\u00ebsohet n\u00eb UNESCO me disa vlera.<\/p>\n<p>\u201cPo b\u00ebjm\u00eb nj\u00eb pun\u00eb t\u00eb rrall\u00eb n\u00ebp\u00ebr ministrit\u00eb tona p\u00ebr t\u00eb shtuar edhe dosje t\u00eb tjera. N\u00eb vendimin e shpalljes Komiteti i Trash\u00ebgimis\u00eb Kulturore ka dh\u00ebn\u00eb disa rekomandime, ndaj jemi k\u00ebtu p\u00ebr ti treguar t\u00eb gjith\u00ebve se ne do t\u00eb punojm\u00eb s\u00eb bashku p\u00ebr ti p\u00ebrmbushur k\u00ebto rekomandime. Tashm\u00eb jemi n\u00eb faz\u00ebn e dyt\u00eb t\u00eb projektit drejt nj\u00eb qeverisje t\u00eb p\u00ebrbashk\u00ebt t\u00eb trash\u00ebgimis\u00eb natyrore dhe kulturore nd\u00ebrkufitare t\u00eb rajonit t\u00eb liqenit t\u00eb Ohrit, por jo vet\u00ebm kjo! Kemi edhe marr\u00ebveshje t\u00eb tjera me partner\u00ebt tan\u00eb, me Maqedonin\u00eb e Veriut kemi n\u00ebnshkruar n\u00eb muajin prill ngritjen e qendrave kulturore dhe informative n\u00eb t\u00eb dy Republikat, pra ja ku rikthehemi edhe nj\u00ebher\u00eb q\u00eb ky liqen \u00ebsht\u00eb vet\u00ebm nj\u00eb pik\u00eb bashkimi e shum\u00eb gj\u00ebrave t\u00eb tjera q\u00eb ekzistojn\u00eb p\u00ebrreth\u201d, tha ministrja Margariti.<\/p>\n<p>Edhe ministri Klosi shtoi gjithashtu se s\u00eb bashku me koleg\u00ebt nga Maqedonia e Veriut, dy qeverive i del detyr\u00eb t\u00eb ngren\u00eb komitete t\u00eb p\u00ebrbashk\u00ebta p\u00ebr t\u00eb punuar p\u00ebr t\u00eb ruajtur dhe zhvilluar vlerat e k\u00ebtij liqeni.<\/p>\n<p>\u201cNa del detyr\u00eb ta promovojm\u00eb, ta vizitojm\u00eb ta kthejm\u00eb n\u00eb ekonomi p\u00ebr qytetin. Nga sot, t\u00eb jemi t\u00eb gjith\u00eb s\u00eb bashku me nj\u00eb premtim, si p\u00ebrfaq\u00ebsues t\u00eb qeveris\u00eb shqiptare dhe t\u00eb Maqedonis\u00eb s\u00eb Veriut p\u00ebr ta pasur edhe k\u00ebt\u00eb pik\u00eb si shum\u00eb pika t\u00eb tjera t\u00eb trash\u00ebgimis\u00eb son\u00eb natyrore, t\u00eb trash\u00ebgimis\u00eb kulturore dhe historike si pika q\u00eb na bashkojn\u00eb, si pika q\u00eb d\u00ebshmojn\u00eb se ne mund t\u00eb jemi destinacion i mir\u00ebfillt\u00eb turistik at\u00ebher\u00eb kur kuptojm\u00eb se Shqip\u00ebria dhe Maqedonia e Veriut, Serbia, Kosova, Bosnje Hercegovina dhe Mali i Zi duhet t\u00eb paraqiten si nj\u00eb ofert\u00eb e p\u00ebrbashk\u00ebt n\u00eb tregun e madh bot\u00ebror t\u00eb turizmit, at\u00ebher\u00eb kur duhet t\u00eb kuptojm\u00eb se pasuri t\u00eb tilla si liqeni i Ohrit duhen mbrojtur, kultivuar dhe zhvilluar me nj\u00eb parim p\u00ebr t\u00eb qen\u00eb k\u00ebto vlera t\u00eb trash\u00ebgimis\u00eb bot\u00ebrore, ashtu t\u00eb bukura sic jan\u00eb krijuar e k\u00ebshtu t\u00eb bukura sic po mbrohen sot\u201d, tha ministri Klosi, nga Pogradeci, ku u zhvillua aktiviteti \u201cGjoli\u201d n\u00eb UNESCO, p\u00ebr t\u00eb b\u00ebr\u00eb p\u00ebr her\u00eb t\u00eb par\u00eb publike p\u00ebrfitimet dhe detyrimet q\u00eb kan\u00eb dy qeverit\u00eb p\u00ebr t\u00eb vijuar punimet n\u00eb p\u00ebrmbushje t\u00eb kushteve t\u00eb k\u00ebrkuara natyrore, historike dhe kulturore p\u00ebr t\u00eb qen\u00eb pjes\u00eb e list\u00ebs s\u00eb pasurive t\u00eb trash\u00ebgimis\u00eb bot\u00ebrore.<\/p>\n<p>N\u00eb aktivitet ishin t\u00eb pranish\u00ebm edhe ministri Maqedonas i Mjedisit dhe Kultur\u00ebs, t\u00eb cil\u00ebt gjithashtu vler\u00ebsuan r\u00ebnd\u00ebsin\u00eb e p\u00ebrfshirjes s\u00eb liqenit t\u00eb Ohrit n\u00eb UNESCO p\u00ebr dy vendet tona, duke shprehur edhe angazhim p\u00ebr t\u00eb vijuar punuar bashkarisht n\u00eb ruajtjen dhe promovimn e tij.<\/p>\n<p>&nbsp;<\/p>\n","protected":false},"excerpt":{"rendered":"<p>&nbsp; &nbsp; N\u00eb dat\u00ebn 5 korrik, Komiteti i Trash\u00ebgimis\u00eb Bot\u00ebrore shpalli nj\u00eb tjet\u00ebr Zon\u00eb t\u00eb Mbrojtur pasuri t\u00eb UNESCO-s. Liqeni i Ohrit, p\u00ebrfshir\u00eb pjes\u00ebn shqiptare mori statusin sit i UNESCO-s, si fryt i pun\u00ebs disa vje\u00e7are t\u00eb ekspert\u00ebve t\u00eb mjedisit dhe Ministris\u00eb s\u00eb Turizmit dhe Mjedisit n\u00eb bashk\u00ebpunim me ministrin\u00eb e Kultur\u00ebs n\u00eb plot\u00ebsim t\u00eb [&hellip;]<\/p>\n","protected":false},"author":2013,"featured_media":99488,"comment_status":"open","ping_status":"closed","sticky":false,"template":"","format":"standard","meta":{"footnotes":""},"categories":[241,235],"tags":[],"class_list":{"0":"post-99487","1":"post","2":"type-post","3":"status-publish","4":"format-standard","5":"has-post-thumbnail","7":"category-aktualitet","8":"category-vendi"},"_links":{"self":[{"href":"https:\/\/zjarr.tv\/sq\/wp-json\/wp\/v2\/posts\/99487","targetHints":{"allow":["GET"]}}],"collection":[{"href":"https:\/\/zjarr.tv\/sq\/wp-json\/wp\/v2\/posts"}],"about":[{"href":"https:\/\/zjarr.tv\/sq\/wp-json\/wp\/v2\/types\/post"}],"author":[{"embeddable":true,"href":"https:\/\/zjarr.tv\/sq\/wp-json\/wp\/v2\/users\/2013"}],"replies":[{"embeddable":true,"href":"https:\/\/zjarr.tv\/sq\/wp-json\/wp\/v2\/comments?post=99487"}],"version-history":[{"count":0,"href":"https:\/\/zjarr.tv\/sq\/wp-json\/wp\/v2\/posts\/99487\/revisions"}],"wp:featuredmedia":[{"embeddable":true,"href":"https:\/\/zjarr.tv\/sq\/wp-json\/wp\/v2\/media\/99488"}],"wp:attachment":[{"href":"https:\/\/zjarr.tv\/sq\/wp-json\/wp\/v2\/media?parent=99487"}],"wp:term":[{"taxonomy":"category","embeddable":true,"href":"https:\/\/zjarr.tv\/sq\/wp-json\/wp\/v2\/categories?post=99487"},{"taxonomy":"post_tag","embeddable":true,"href":"https:\/\/zjarr.tv\/sq\/wp-json\/wp\/v2\/tags?post=99487"}],"curies":[{"name":"wp","href":"https:\/\/api.w.org\/{rel}","templated":true}]}}