{"id":99768,"date":"2019-07-31T16:26:08","date_gmt":"2019-07-31T14:26:08","guid":{"rendered":"https:\/\/zjarr.tv\/?p=99768"},"modified":"2019-07-31T16:26:08","modified_gmt":"2019-07-31T14:26:08","slug":"shahini-tarifat-nuk-rriten-kush-perfiton-nga-pergjysmimi","status":"publish","type":"post","link":"https:\/\/zjarr.tv\/sq\/shahini-tarifat-nuk-rriten-kush-perfiton-nga-pergjysmimi\/","title":{"rendered":"Shahini: Tarifat nuk rriten! Kush p\u00ebrfiton nga p\u00ebrgjysmimi"},"content":{"rendered":"<p>&nbsp;<\/p>\n<p>Bursat dhe tarifat e p\u00ebrgjysmuara vazhdojn\u00eb edhe vitin e ardhsh\u00ebm akademik. Ministrja e Arsimit, Besa Shahini sqaroi lajmet q\u00eb kan\u00eb qarkulluar k\u00ebto dit\u00eb mbi nderprerjen e dh\u00ebnies s\u00eb bursave dhe p\u00ebrgjysmimin e tarifave q\u00eb shkaktoi shqet\u00ebsim n\u00eb rrjetet sociale mes studenteve.<\/p>\n<p>Shahini shtoi se n\u00eb shtator t\u00eb tjer\u00eb kategori student\u00ebsh do t\u00eb shtohen n\u00eb list\u00ebn e p\u00ebrfituesve pasi kan\u00eb pasur probleme me plot\u00ebsimin e dokumenteve.<\/p>\n<p>Jo t\u00eb gjith\u00eb student\u00ebt q\u00eb ndjekin studimet n\u00eb institucionet e arsimit t\u00eb lart\u00eb do t\u00eb p\u00ebrfitojn\u00eb p\u00ebrgjysmim t\u00eb tarifave p\u00ebr vitin e ri akademik 2019-2020 q\u00eb do t\u00eb nis m\u00eb 14 tetor. Tarifat e studimit do t\u00eb paguhen t\u00eb plota nga student\u00ebt me mesatare n\u00ebn 6.<\/p>\n<p>Janarin q\u00eb vjen vet\u00ebm k\u00ebta student\u00eb do t\u00eb shlyejn\u00eb t\u00eb gjith\u00eb tarif\u00ebn e studimit. Nd\u00ebrkoh\u00eb q\u00eb t\u00eb rinjt\u00eb me mesatare n\u00ebn 9, n\u00eb Master nuk do t\u00eb preken s\u00ebrish nga reduktimi i tarifave t\u00eb studimit. Ata do t\u00eb duhet t\u00eb paguajn\u00eb nga 35 mij\u00eb deri n\u00eb 105 mij\u00eb lek\u00eb, n\u00eb var\u00ebsi t\u00eb deg\u00ebs q\u00eb do t\u00eb zgjedhin.<\/p>\n<p>&nbsp;<\/p>\n","protected":false},"excerpt":{"rendered":"<p>&nbsp; Bursat dhe tarifat e p\u00ebrgjysmuara vazhdojn\u00eb edhe vitin e ardhsh\u00ebm akademik. Ministrja e Arsimit, Besa Shahini sqaroi lajmet q\u00eb kan\u00eb qarkulluar k\u00ebto dit\u00eb mbi nderprerjen e dh\u00ebnies s\u00eb bursave dhe p\u00ebrgjysmimin e tarifave q\u00eb shkaktoi shqet\u00ebsim n\u00eb rrjetet sociale mes studenteve. Shahini shtoi se n\u00eb shtator t\u00eb tjer\u00eb kategori student\u00ebsh do t\u00eb shtohen n\u00eb [&hellip;]<\/p>\n","protected":false},"author":2013,"featured_media":99769,"comment_status":"open","ping_status":"closed","sticky":false,"template":"","format":"standard","meta":{"footnotes":""},"categories":[241,235],"tags":[],"class_list":{"0":"post-99768","1":"post","2":"type-post","3":"status-publish","4":"format-standard","5":"has-post-thumbnail","7":"category-aktualitet","8":"category-vendi"},"_links":{"self":[{"href":"https:\/\/zjarr.tv\/sq\/wp-json\/wp\/v2\/posts\/99768","targetHints":{"allow":["GET"]}}],"collection":[{"href":"https:\/\/zjarr.tv\/sq\/wp-json\/wp\/v2\/posts"}],"about":[{"href":"https:\/\/zjarr.tv\/sq\/wp-json\/wp\/v2\/types\/post"}],"author":[{"embeddable":true,"href":"https:\/\/zjarr.tv\/sq\/wp-json\/wp\/v2\/users\/2013"}],"replies":[{"embeddable":true,"href":"https:\/\/zjarr.tv\/sq\/wp-json\/wp\/v2\/comments?post=99768"}],"version-history":[{"count":0,"href":"https:\/\/zjarr.tv\/sq\/wp-json\/wp\/v2\/posts\/99768\/revisions"}],"wp:featuredmedia":[{"embeddable":true,"href":"https:\/\/zjarr.tv\/sq\/wp-json\/wp\/v2\/media\/99769"}],"wp:attachment":[{"href":"https:\/\/zjarr.tv\/sq\/wp-json\/wp\/v2\/media?parent=99768"}],"wp:term":[{"taxonomy":"category","embeddable":true,"href":"https:\/\/zjarr.tv\/sq\/wp-json\/wp\/v2\/categories?post=99768"},{"taxonomy":"post_tag","embeddable":true,"href":"https:\/\/zjarr.tv\/sq\/wp-json\/wp\/v2\/tags?post=99768"}],"curies":[{"name":"wp","href":"https:\/\/api.w.org\/{rel}","templated":true}]}}